{"id":11318,"date":"2021-12-16T09:59:43","date_gmt":"2021-12-16T08:59:43","guid":{"rendered":"https:\/\/www.amcon-eu.com\/bonnes-et-heureuses-fetes\/"},"modified":"2023-11-27T18:57:09","modified_gmt":"2023-11-27T17:57:09","slug":"bonnes-fetes-de-fin-danee","status":"publish","type":"post","link":"https:\/\/www.amcon-eu.com\/fr\/bonnes-fetes-de-fin-danee\/","title":{"rendered":"Bonnes f\u00eates de fin d&rsquo;ann\u00e9e!"},"content":{"rendered":"<section class=\"wpb-content-wrapper\"><p>[vc_row][vc_column][vc_column_text]<\/p>\n<h4 style=\"text-align: center;\">Nous vous souhaitons de joyeuses f\u00eates ainsi que tous nos meilleurs v\u0153ux pour l\u2019ann\u00e9e 2022.<\/h4>\n<p>&nbsp;<\/p>\n<p>&nbsp;<\/p>\n<p style=\"text-align: center;\">Veuillez noter que nos bureaux seront ferm\u00e9s pendant la p\u00e9riode de No\u00ebl et du Nouvel An du 23 d\u00e9cembre 2021 au 2 janvier 2022.<\/p>\n<p style=\"text-align: center;\">Equipe AMCON Europe<\/p>\n<p>[\/vc_column_text]<div class=\"ult-spacer spacer-69f51b8b3f535\" data-id=\"69f51b8b3f535\" data-height=\"30\" data-height-mobile=\"30\" data-height-tab=\"30\" data-height-tab-portrait=\"\" data-height-mobile-landscape=\"\" style=\"clear:both;display:block;\"><\/div>[vc_single_image image=\u00a0\u00bb9564&Prime; img_size=\u00a0\u00bblarge\u00a0\u00bb alignment=\u00a0\u00bbcenter\u00a0\u00bb][\/vc_column][\/vc_row]<\/p>\n<\/section>","protected":false},"excerpt":{"rendered":"<p>[vc_row][vc_column][vc_column_text] Nous vous souhaitons de joyeuses f\u00eates ainsi que tous nos meilleurs v\u0153ux pour l\u2019ann\u00e9e 2022. &nbsp; &nbsp; Veuillez noter que nos bureaux seront ferm\u00e9s pendant la p\u00e9riode de No\u00ebl et du Nouvel An du 23 d\u00e9cembre 2021 au 2 janvier 2022. Equipe AMCON Europe [\/vc_column_text][vc_single_image image=\u00a0\u00bb9564&Prime; img_size=\u00a0\u00bblarge\u00a0\u00bb alignment=\u00a0\u00bbcenter\u00a0\u00bb][\/vc_column][\/vc_row]<\/p>\n","protected":false},"author":8,"featured_media":9564,"comment_status":"closed","ping_status":"closed","sticky":false,"template":"","format":"standard","meta":{"_acf_changed":false,"inline_featured_image":false,"footnotes":""},"categories":[579],"tags":[],"class_list":["post-11318","post","type-post","status-publish","format-standard","has-post-thumbnail","hentry","category-actualites"],"acf":[],"yoast_head":"<!-- This site is optimized with the Yoast SEO plugin v26.5 - https:\/\/yoast.com\/wordpress\/plugins\/seo\/ -->\n<title>Bonnes f\u00eates de fin d&#039;ann\u00e9e! | AMCON Europe<\/title>\n<meta name=\"robots\" content=\"index, follow, max-snippet:-1, max-image-preview:large, max-video-preview:-1\" \/>\n<link rel=\"canonical\" href=\"https:\/\/www.amcon-eu.com\/fr\/bonnes-fetes-de-fin-danee\/\" \/>\n<meta property=\"og:locale\" content=\"fr_FR\" \/>\n<meta property=\"og:type\" content=\"article\" \/>\n<meta property=\"og:title\" content=\"Bonnes f\u00eates de fin d&#039;ann\u00e9e! | AMCON Europe\" \/>\n<meta property=\"og:description\" content=\"[vc_row][vc_column][vc_column_text] Nous vous souhaitons de joyeuses f\u00eates ainsi que tous nos meilleurs v\u0153ux pour l\u2019ann\u00e9e 2022. &nbsp; &nbsp; Veuillez noter que nos bureaux seront ferm\u00e9s pendant la p\u00e9riode de No\u00ebl et du Nouvel An du 23 d\u00e9cembre 2021 au 2 janvier 2022. Equipe AMCON Europe [\/vc_column_text][vc_single_image image=\u00a0\u00bb9564&Prime; img_size=\u00a0\u00bblarge\u00a0\u00bb alignment=\u00a0\u00bbcenter\u00a0\u00bb][\/vc_column][\/vc_row]\" \/>\n<meta property=\"og:url\" content=\"https:\/\/www.amcon-eu.com\/fr\/bonnes-fetes-de-fin-danee\/\" \/>\n<meta property=\"og:site_name\" content=\"AMCON Europe\" \/>\n<meta property=\"article:publisher\" content=\"https:\/\/www.facebook.com\/AMCON.Europe.sro\" \/>\n<meta property=\"article:published_time\" content=\"2021-12-16T08:59:43+00:00\" \/>\n<meta property=\"article:modified_time\" content=\"2023-11-27T17:57:09+00:00\" \/>\n<meta property=\"og:image\" content=\"https:\/\/www.amcon-eu.com\/wp-content\/uploads\/2022\/09\/MW_00011.jpg\" \/>\n\t<meta property=\"og:image:width\" content=\"1600\" \/>\n\t<meta property=\"og:image:height\" content=\"1200\" \/>\n\t<meta property=\"og:image:type\" content=\"image\/jpeg\" \/>\n<meta name=\"author\" content=\"Mark\u00e9ta Pape\u017eov\u00e1\" \/>\n<meta name=\"twitter:card\" content=\"summary_large_image\" \/>\n<meta name=\"twitter:label1\" content=\"\u00c9crit par\" \/>\n\t<meta name=\"twitter:data1\" content=\"Mark\u00e9ta Pape\u017eov\u00e1\" \/>\n\t<meta name=\"twitter:label2\" content=\"Dur\u00e9e de lecture estim\u00e9e\" \/>\n\t<meta name=\"twitter:data2\" content=\"1 minute\" \/>\n<script type=\"application\/ld+json\" class=\"yoast-schema-graph\">{\"@context\":\"https:\/\/schema.org\",\"@graph\":[{\"@type\":\"WebPage\",\"@id\":\"https:\/\/www.amcon-eu.com\/fr\/bonnes-fetes-de-fin-danee\/\",\"url\":\"https:\/\/www.amcon-eu.com\/fr\/bonnes-fetes-de-fin-danee\/\",\"name\":\"Bonnes f\u00eates de fin d'ann\u00e9e! | AMCON Europe\",\"isPartOf\":{\"@id\":\"https:\/\/www.amcon-eu.com\/fr\/#website\"},\"primaryImageOfPage\":{\"@id\":\"https:\/\/www.amcon-eu.com\/fr\/bonnes-fetes-de-fin-danee\/#primaryimage\"},\"image\":{\"@id\":\"https:\/\/www.amcon-eu.com\/fr\/bonnes-fetes-de-fin-danee\/#primaryimage\"},\"thumbnailUrl\":\"https:\/\/www.amcon-eu.com\/wp-content\/uploads\/2022\/09\/MW_00011.jpg\",\"datePublished\":\"2021-12-16T08:59:43+00:00\",\"dateModified\":\"2023-11-27T17:57:09+00:00\",\"author\":{\"@id\":\"https:\/\/www.amcon-eu.com\/fr\/#\/schema\/person\/0e403b622df2ecaf55c50b32796a808a\"},\"breadcrumb\":{\"@id\":\"https:\/\/www.amcon-eu.com\/fr\/bonnes-fetes-de-fin-danee\/#breadcrumb\"},\"inLanguage\":\"fr-FR\",\"potentialAction\":[{\"@type\":\"ReadAction\",\"target\":[\"https:\/\/www.amcon-eu.com\/fr\/bonnes-fetes-de-fin-danee\/\"]}]},{\"@type\":\"ImageObject\",\"inLanguage\":\"fr-FR\",\"@id\":\"https:\/\/www.amcon-eu.com\/fr\/bonnes-fetes-de-fin-danee\/#primaryimage\",\"url\":\"https:\/\/www.amcon-eu.com\/wp-content\/uploads\/2022\/09\/MW_00011.jpg\",\"contentUrl\":\"https:\/\/www.amcon-eu.com\/wp-content\/uploads\/2022\/09\/MW_00011.jpg\",\"width\":1600,\"height\":1200},{\"@type\":\"BreadcrumbList\",\"@id\":\"https:\/\/www.amcon-eu.com\/fr\/bonnes-fetes-de-fin-danee\/#breadcrumb\",\"itemListElement\":[{\"@type\":\"ListItem\",\"position\":1,\"name\":\"\u30db\u30fc\u30e0\",\"item\":\"https:\/\/www.amcon-eu.com\/fr\/\"},{\"@type\":\"ListItem\",\"position\":2,\"name\":\"Bonnes f\u00eates de fin d&#8217;ann\u00e9e!\"}]},{\"@type\":\"WebSite\",\"@id\":\"https:\/\/www.amcon-eu.com\/fr\/#website\",\"url\":\"https:\/\/www.amcon-eu.com\/fr\/\",\"name\":\"AMCON Europe\",\"description\":\"D\u00e9shydratation simple et efficace des boues\",\"potentialAction\":[{\"@type\":\"SearchAction\",\"target\":{\"@type\":\"EntryPoint\",\"urlTemplate\":\"https:\/\/www.amcon-eu.com\/fr\/?s={search_term_string}\"},\"query-input\":{\"@type\":\"PropertyValueSpecification\",\"valueRequired\":true,\"valueName\":\"search_term_string\"}}],\"inLanguage\":\"fr-FR\"},{\"@type\":\"Person\",\"@id\":\"https:\/\/www.amcon-eu.com\/fr\/#\/schema\/person\/0e403b622df2ecaf55c50b32796a808a\",\"name\":\"Mark\u00e9ta Pape\u017eov\u00e1\",\"image\":{\"@type\":\"ImageObject\",\"inLanguage\":\"fr-FR\",\"@id\":\"https:\/\/www.amcon-eu.com\/fr\/#\/schema\/person\/image\/\",\"url\":\"https:\/\/secure.gravatar.com\/avatar\/80153a16fb12913837a01dc8a1833c37?s=96&d=mm&r=g\",\"contentUrl\":\"https:\/\/secure.gravatar.com\/avatar\/80153a16fb12913837a01dc8a1833c37?s=96&d=mm&r=g\",\"caption\":\"Mark\u00e9ta Pape\u017eov\u00e1\"},\"url\":\"https:\/\/www.amcon-eu.com\/fr\/author\/marketa\/\"}]}<\/script>\n<!-- \/ Yoast SEO plugin. -->","yoast_head_json":{"title":"Bonnes f\u00eates de fin d'ann\u00e9e! | AMCON Europe","robots":{"index":"index","follow":"follow","max-snippet":"max-snippet:-1","max-image-preview":"max-image-preview:large","max-video-preview":"max-video-preview:-1"},"canonical":"https:\/\/www.amcon-eu.com\/fr\/bonnes-fetes-de-fin-danee\/","og_locale":"fr_FR","og_type":"article","og_title":"Bonnes f\u00eates de fin d'ann\u00e9e! | AMCON Europe","og_description":"[vc_row][vc_column][vc_column_text] Nous vous souhaitons de joyeuses f\u00eates ainsi que tous nos meilleurs v\u0153ux pour l\u2019ann\u00e9e 2022. &nbsp; &nbsp; Veuillez noter que nos bureaux seront ferm\u00e9s pendant la p\u00e9riode de No\u00ebl et du Nouvel An du 23 d\u00e9cembre 2021 au 2 janvier 2022. Equipe AMCON Europe [\/vc_column_text][vc_single_image image=\u00a0\u00bb9564&Prime; img_size=\u00a0\u00bblarge\u00a0\u00bb alignment=\u00a0\u00bbcenter\u00a0\u00bb][\/vc_column][\/vc_row]","og_url":"https:\/\/www.amcon-eu.com\/fr\/bonnes-fetes-de-fin-danee\/","og_site_name":"AMCON Europe","article_publisher":"https:\/\/www.facebook.com\/AMCON.Europe.sro","article_published_time":"2021-12-16T08:59:43+00:00","article_modified_time":"2023-11-27T17:57:09+00:00","og_image":[{"width":1600,"height":1200,"url":"https:\/\/www.amcon-eu.com\/wp-content\/uploads\/2022\/09\/MW_00011.jpg","type":"image\/jpeg"}],"author":"Mark\u00e9ta Pape\u017eov\u00e1","twitter_card":"summary_large_image","twitter_misc":{"\u00c9crit par":"Mark\u00e9ta Pape\u017eov\u00e1","Dur\u00e9e de lecture estim\u00e9e":"1 minute"},"schema":{"@context":"https:\/\/schema.org","@graph":[{"@type":"WebPage","@id":"https:\/\/www.amcon-eu.com\/fr\/bonnes-fetes-de-fin-danee\/","url":"https:\/\/www.amcon-eu.com\/fr\/bonnes-fetes-de-fin-danee\/","name":"Bonnes f\u00eates de fin d'ann\u00e9e! | AMCON Europe","isPartOf":{"@id":"https:\/\/www.amcon-eu.com\/fr\/#website"},"primaryImageOfPage":{"@id":"https:\/\/www.amcon-eu.com\/fr\/bonnes-fetes-de-fin-danee\/#primaryimage"},"image":{"@id":"https:\/\/www.amcon-eu.com\/fr\/bonnes-fetes-de-fin-danee\/#primaryimage"},"thumbnailUrl":"https:\/\/www.amcon-eu.com\/wp-content\/uploads\/2022\/09\/MW_00011.jpg","datePublished":"2021-12-16T08:59:43+00:00","dateModified":"2023-11-27T17:57:09+00:00","author":{"@id":"https:\/\/www.amcon-eu.com\/fr\/#\/schema\/person\/0e403b622df2ecaf55c50b32796a808a"},"breadcrumb":{"@id":"https:\/\/www.amcon-eu.com\/fr\/bonnes-fetes-de-fin-danee\/#breadcrumb"},"inLanguage":"fr-FR","potentialAction":[{"@type":"ReadAction","target":["https:\/\/www.amcon-eu.com\/fr\/bonnes-fetes-de-fin-danee\/"]}]},{"@type":"ImageObject","inLanguage":"fr-FR","@id":"https:\/\/www.amcon-eu.com\/fr\/bonnes-fetes-de-fin-danee\/#primaryimage","url":"https:\/\/www.amcon-eu.com\/wp-content\/uploads\/2022\/09\/MW_00011.jpg","contentUrl":"https:\/\/www.amcon-eu.com\/wp-content\/uploads\/2022\/09\/MW_00011.jpg","width":1600,"height":1200},{"@type":"BreadcrumbList","@id":"https:\/\/www.amcon-eu.com\/fr\/bonnes-fetes-de-fin-danee\/#breadcrumb","itemListElement":[{"@type":"ListItem","position":1,"name":"\u30db\u30fc\u30e0","item":"https:\/\/www.amcon-eu.com\/fr\/"},{"@type":"ListItem","position":2,"name":"Bonnes f\u00eates de fin d&#8217;ann\u00e9e!"}]},{"@type":"WebSite","@id":"https:\/\/www.amcon-eu.com\/fr\/#website","url":"https:\/\/www.amcon-eu.com\/fr\/","name":"AMCON Europe","description":"D\u00e9shydratation simple et efficace des boues","potentialAction":[{"@type":"SearchAction","target":{"@type":"EntryPoint","urlTemplate":"https:\/\/www.amcon-eu.com\/fr\/?s={search_term_string}"},"query-input":{"@type":"PropertyValueSpecification","valueRequired":true,"valueName":"search_term_string"}}],"inLanguage":"fr-FR"},{"@type":"Person","@id":"https:\/\/www.amcon-eu.com\/fr\/#\/schema\/person\/0e403b622df2ecaf55c50b32796a808a","name":"Mark\u00e9ta Pape\u017eov\u00e1","image":{"@type":"ImageObject","inLanguage":"fr-FR","@id":"https:\/\/www.amcon-eu.com\/fr\/#\/schema\/person\/image\/","url":"https:\/\/secure.gravatar.com\/avatar\/80153a16fb12913837a01dc8a1833c37?s=96&d=mm&r=g","contentUrl":"https:\/\/secure.gravatar.com\/avatar\/80153a16fb12913837a01dc8a1833c37?s=96&d=mm&r=g","caption":"Mark\u00e9ta Pape\u017eov\u00e1"},"url":"https:\/\/www.amcon-eu.com\/fr\/author\/marketa\/"}]}},"_links":{"self":[{"href":"https:\/\/www.amcon-eu.com\/fr\/wp-json\/wp\/v2\/posts\/11318","targetHints":{"allow":["GET"]}}],"collection":[{"href":"https:\/\/www.amcon-eu.com\/fr\/wp-json\/wp\/v2\/posts"}],"about":[{"href":"https:\/\/www.amcon-eu.com\/fr\/wp-json\/wp\/v2\/types\/post"}],"author":[{"embeddable":true,"href":"https:\/\/www.amcon-eu.com\/fr\/wp-json\/wp\/v2\/users\/8"}],"replies":[{"embeddable":true,"href":"https:\/\/www.amcon-eu.com\/fr\/wp-json\/wp\/v2\/comments?post=11318"}],"version-history":[{"count":1,"href":"https:\/\/www.amcon-eu.com\/fr\/wp-json\/wp\/v2\/posts\/11318\/revisions"}],"predecessor-version":[{"id":12856,"href":"https:\/\/www.amcon-eu.com\/fr\/wp-json\/wp\/v2\/posts\/11318\/revisions\/12856"}],"wp:featuredmedia":[{"embeddable":true,"href":"https:\/\/www.amcon-eu.com\/fr\/wp-json\/wp\/v2\/media\/9564"}],"wp:attachment":[{"href":"https:\/\/www.amcon-eu.com\/fr\/wp-json\/wp\/v2\/media?parent=11318"}],"wp:term":[{"taxonomy":"category","embeddable":true,"href":"https:\/\/www.amcon-eu.com\/fr\/wp-json\/wp\/v2\/categories?post=11318"},{"taxonomy":"post_tag","embeddable":true,"href":"https:\/\/www.amcon-eu.com\/fr\/wp-json\/wp\/v2\/tags?post=11318"}],"curies":[{"name":"wp","href":"https:\/\/api.w.org\/{rel}","templated":true}]}}