{"id":27358,"date":"2025-12-16T15:46:29","date_gmt":"2025-12-16T14:46:29","guid":{"rendered":"https:\/\/www.amcon-eu.com\/?p=27358"},"modified":"2025-12-17T13:48:29","modified_gmt":"2025-12-17T12:48:29","slug":"pf-2026-od-tymu-amcon-europe-dekujeme-za-duveru","status":"publish","type":"post","link":"https:\/\/www.amcon-eu.com\/cs\/pf-2026-od-tymu-amcon-europe-dekujeme-za-duveru\/","title":{"rendered":"PF 2026 od t\u00fdmu AMCON Europe: D\u011bkujeme za d\u016fv\u011bru"},"content":{"rendered":"<section class=\"wpb-content-wrapper\"><p>[vc_row][vc_column][vc_single_image image=&#8220;27316&#8243; img_size=&#8220;full&#8220; alignment=&#8220;center&#8220;][vc_column_text]<\/p>\n<h3><strong>V\u00e1\u017een\u00ed obchodn\u00ed partne\u0159i, <\/strong><\/h3>\n<h3>p\u0159ejeme V\u00e1m, aby Va\u0161e sv\u00e1tky byly napln\u011bny klidem a na\u010derpali jste b\u011bhem nich \u010derstvou energii do nov\u00e9ho roku. D\u011bkujeme V\u00e1m za d\u016fv\u011bru, kterou jste n\u00e1m projevovali po cel\u00fd rok 2025.<\/h3>\n<p>[\/vc_column_text]<div class=\"ult-spacer spacer-69f58cf3cb2b2\" data-id=\"69f58cf3cb2b2\" data-height=\"\" data-height-mobile=\"\" data-height-tab=\"\" data-height-tab-portrait=\"\" data-height-mobile-landscape=\"\" style=\"clear:both;display:block;\"><\/div>[vc_separator style=&#8220;dashed&#8220; border_width=&#8220;2&#8243;][vc_column_text]Rok 2025 byl pro AMCON Europe rokem v pohybu. N\u00e1\u0161 t\u00fdm cestoval nap\u0159\u00ed\u010d kontinentem, abychom p\u0159edstavili technologie <a href=\"https:\/\/www.amcon-eu.com\/cs\/sludge-dewatering-solutions\/products\/odvodnovaci-lis-volute-duo-rady-rvp\/\">VOLUTE DUO\u2122<\/a> a <a href=\"https:\/\/www.amcon-eu.com\/cs\/sludge-dewatering-solutions\/products\/odvodnovaci-lis-volute-rady-gs\/\">VOLUTE\u2122 GS<\/a> na v\u00fdznamn\u00fdch akc\u00edch jako Aquatech Amsterdam, <strong>VOD-KA v Praze<\/strong>, Vatten, WWEM, Pollutec Lyon \u010di Ecomondo.<\/p>\n<p>Tyto akce n\u00e1m p\u0159ipomn\u011bly, pro\u010d d\u011bl\u00e1me to, co d\u011bl\u00e1me: abychom v\u00e1m poskytovali spolehliv\u00e1 a efektivn\u00ed \u0159e\u0161en\u00ed, kter\u00e1 v\u00e1m usnadn\u00ed provoz. D\u011bkujeme, \u017ee jste s n\u00e1mi, a \u017ee d\u00edky v\u00e1m bylo ka\u017ed\u00e9 setk\u00e1n\u00ed \u00fasp\u011b\u0161n\u00e9.[\/vc_column_text][\/vc_column][\/vc_row][vc_row][vc_column width=&#8220;1\/3&#8243;][vc_single_image image=&#8220;27335&#8243; img_size=&#8220;medium&#8220; onclick=&#8220;custom_link&#8220; css_animation=&#8220;none&#8220;][\/vc_column][vc_column width=&#8220;1\/3&#8243;][vc_single_image image=&#8220;27340&#8243; img_size=&#8220;medium&#8220; onclick=&#8220;custom_link&#8220; css_animation=&#8220;none&#8220;][\/vc_column][vc_column width=&#8220;1\/3&#8243;][vc_single_image image=&#8220;27345&#8243; img_size=&#8220;medium&#8220; onclick=&#8220;custom_link&#8220; css_animation=&#8220;none&#8220;][\/vc_column][\/vc_row][vc_row][vc_column][vc_separator style=&#8220;dashed&#8220; border_width=&#8220;2&#8243;]<div class=\"ult-spacer spacer-69f58cf3cb2d8\" data-id=\"69f58cf3cb2d8\" data-height=\"\" data-height-mobile=\"\" data-height-tab=\"\" data-height-tab-portrait=\"\" data-height-mobile-landscape=\"\" style=\"clear:both;display:block;\"><\/div>[vc_custom_heading text=&#8220;Provozn\u00ed doba b\u011bhem sv\u00e1tk\u016f&#8220; font_container=&#8220;tag:h2|text_align:center&#8220; use_theme_fonts=&#8220;yes&#8220;][\/vc_column][\/vc_row][vc_row content_placement=&#8220;middle&#8220;][vc_column][vc_column_text]Aby n\u00e1\u0161 t\u00fdm na\u010derpal nov\u00e9 s\u00edly, budou na\u0161e kancel\u00e1\u0159e uzav\u0159eny <strong>od 22. prosince 2025 do 4. ledna 2026<\/strong>. K dispozici v\u00e1m budeme op\u011bt <strong>od 5. ledna 2026<\/strong>.[\/vc_column_text][\/vc_column][\/vc_row][vc_row][vc_column]<div class=\"ult-spacer spacer-69f58cf3cb2f4\" data-id=\"69f58cf3cb2f4\" data-height=\"\" data-height-mobile=\"\" data-height-tab=\"\" data-height-tab-portrait=\"\" data-height-mobile-landscape=\"\" style=\"clear:both;display:block;\"><\/div>[vc_separator style=&#8220;dashed&#8220; border_width=&#8220;2&#8243;][\/vc_column][\/vc_row][vc_row][vc_column]<div class=\"ult-spacer spacer-69f58cf3cb30b\" data-id=\"69f58cf3cb30b\" data-height=\"\" data-height-mobile=\"\" data-height-tab=\"\" data-height-tab-portrait=\"\" data-height-mobile-landscape=\"\" style=\"clear:both;display:block;\"><\/div>[vc_column_text]<\/p>\n<p style=\"text-align: center;\">T\u011b\u0161\u00edme se, \u017ee budeme s plnou energi\u00ed podporovat va\u0161e projekty i v roce 2026!<\/p>\n<p style=\"text-align: center;\">S p\u0159\u00e1n\u00edm v\u0161eho nejlep\u0161\u00edho<\/p>\n<p style=\"text-align: center;\"><strong>T\u00fdm AMCON Europe<\/strong><\/p>\n<p>[\/vc_column_text][\/vc_column][\/vc_row]<\/p>\n<\/section>","protected":false},"excerpt":{"rendered":"<p>[vc_row][vc_column][vc_single_image image=&#8220;27316&#8243; img_size=&#8220;full&#8220; alignment=&#8220;center&#8220;][vc_column_text] V\u00e1\u017een\u00ed obchodn\u00ed partne\u0159i, p\u0159ejeme V\u00e1m, aby Va\u0161e sv\u00e1tky byly napln\u011bny klidem a na\u010derpali jste b\u011bhem nich \u010derstvou energii do nov\u00e9ho roku. D\u011bkujeme V\u00e1m za d\u016fv\u011bru, kterou jste n\u00e1m projevovali po cel\u00fd rok 2025. [\/vc_column_text][vc_separator style=&#8220;dashed&#8220; border_width=&#8220;2&#8243;][vc_column_text]Rok 2025 byl pro AMCON Europe rokem v pohybu. N\u00e1\u0161 t\u00fdm cestoval nap\u0159\u00ed\u010d kontinentem, abychom p\u0159edstavili technologie VOLUTE DUO\u2122 a VOLUTE\u2122 GS na v\u00fdznamn\u00fdch akc\u00edch jako Aquatech Amsterdam, VOD-KA v Praze, Vatten, WWEM, Pollutec Lyon \u010di Ecomondo. Tyto akce n\u00e1m p\u0159ipomn\u011bly, pro\u010d d\u011bl\u00e1me to, co d\u011bl\u00e1me: abychom v\u00e1m poskytovali spolehliv\u00e1 a efektivn\u00ed \u0159e\u0161en\u00ed, kter\u00e1 v\u00e1m usnadn\u00ed provoz. D\u011bkujeme, \u017ee jste s n\u00e1mi, a \u017ee d\u00edky v\u00e1m bylo ka\u017ed\u00e9 setk\u00e1n\u00ed \u00fasp\u011b\u0161n\u00e9.[\/vc_column_text][\/vc_column][\/vc_row][vc_row][vc_column width=&#8220;1\/3&#8243;][vc_single_image <a href=\"https:\/\/www.amcon-eu.com\/cs\/pf-2026-od-tymu-amcon-europe-dekujeme-za-duveru\/\" class=\"more-link\">&#8230;<span class=\"screen-reader-text\">  PF 2026 od t\u00fdmu AMCON Europe: D\u011bkujeme za d\u016fv\u011bru<\/span><\/a><\/p>\n","protected":false},"author":5,"featured_media":27316,"comment_status":"closed","ping_status":"closed","sticky":false,"template":"","format":"standard","meta":{"_acf_changed":false,"inline_featured_image":false,"footnotes":""},"categories":[568],"tags":[],"class_list":["post-27358","post","type-post","status-publish","format-standard","has-post-thumbnail","hentry","category-novinky"],"acf":[],"yoast_head":"<!-- This site is optimized with the Yoast SEO plugin v26.5 - https:\/\/yoast.com\/wordpress\/plugins\/seo\/ -->\n<title>PF 2026 od t\u00fdmu AMCON Europe: D\u011bkujeme za d\u016fv\u011bru | AMCON Europe<\/title>\n<meta name=\"robots\" content=\"index, follow, max-snippet:-1, max-image-preview:large, max-video-preview:-1\" \/>\n<link rel=\"canonical\" href=\"https:\/\/www.amcon-eu.com\/cs\/pf-2026-od-tymu-amcon-europe-dekujeme-za-duveru\/\" \/>\n<meta property=\"og:locale\" content=\"cs_CZ\" \/>\n<meta property=\"og:type\" content=\"article\" \/>\n<meta property=\"og:title\" content=\"PF 2026 od t\u00fdmu AMCON Europe: D\u011bkujeme za d\u016fv\u011bru | AMCON Europe\" \/>\n<meta property=\"og:description\" content=\"[vc_row][vc_column][vc_single_image image=&#8220;27316&#8243; img_size=&#8220;full&#8220; alignment=&#8220;center&#8220;][vc_column_text] V\u00e1\u017een\u00ed obchodn\u00ed partne\u0159i, p\u0159ejeme V\u00e1m, aby Va\u0161e sv\u00e1tky byly napln\u011bny klidem a na\u010derpali jste b\u011bhem nich \u010derstvou energii do nov\u00e9ho roku. D\u011bkujeme V\u00e1m za d\u016fv\u011bru, kterou jste n\u00e1m projevovali po cel\u00fd rok 2025. [\/vc_column_text][vc_separator style=&#8220;dashed&#8220; border_width=&#8220;2&#8243;][vc_column_text]Rok 2025 byl pro AMCON Europe rokem v pohybu. N\u00e1\u0161 t\u00fdm cestoval nap\u0159\u00ed\u010d kontinentem, abychom p\u0159edstavili technologie VOLUTE DUO\u2122 a VOLUTE\u2122 GS na v\u00fdznamn\u00fdch akc\u00edch jako Aquatech Amsterdam, VOD-KA v Praze, Vatten, WWEM, Pollutec Lyon \u010di Ecomondo. Tyto akce n\u00e1m p\u0159ipomn\u011bly, pro\u010d d\u011bl\u00e1me to, co d\u011bl\u00e1me: abychom v\u00e1m poskytovali spolehliv\u00e1 a efektivn\u00ed \u0159e\u0161en\u00ed, kter\u00e1 v\u00e1m usnadn\u00ed provoz. D\u011bkujeme, \u017ee jste s n\u00e1mi, a \u017ee d\u00edky v\u00e1m bylo ka\u017ed\u00e9 setk\u00e1n\u00ed \u00fasp\u011b\u0161n\u00e9.[\/vc_column_text][\/vc_column][\/vc_row][vc_row][vc_column width=&#8220;1\/3&#8243;][vc_single_image ... PF 2026 od t\u00fdmu AMCON Europe: D\u011bkujeme za d\u016fv\u011bru\" \/>\n<meta property=\"og:url\" content=\"https:\/\/www.amcon-eu.com\/cs\/pf-2026-od-tymu-amcon-europe-dekujeme-za-duveru\/\" \/>\n<meta property=\"og:site_name\" content=\"AMCON Europe\" \/>\n<meta property=\"article:publisher\" content=\"https:\/\/www.facebook.com\/AMCON.Europe.sro\" \/>\n<meta property=\"article:published_time\" content=\"2025-12-16T14:46:29+00:00\" \/>\n<meta property=\"article:modified_time\" content=\"2025-12-17T12:48:29+00:00\" \/>\n<meta property=\"og:image\" content=\"https:\/\/www.amcon-eu.com\/wp-content\/uploads\/2025\/12\/AMCON_Europe_Seasons-greetings_2025.jpg\" \/>\n\t<meta property=\"og:image:width\" content=\"1200\" \/>\n\t<meta property=\"og:image:height\" content=\"628\" \/>\n\t<meta property=\"og:image:type\" content=\"image\/jpeg\" \/>\n<meta name=\"author\" content=\"tomasamcon\" \/>\n<meta name=\"twitter:card\" content=\"summary_large_image\" \/>\n<meta name=\"twitter:label1\" content=\"Napsal(a)\" \/>\n\t<meta name=\"twitter:data1\" content=\"tomasamcon\" \/>\n\t<meta name=\"twitter:label2\" content=\"Odhadovan\u00e1 doba \u010dten\u00ed\" \/>\n\t<meta name=\"twitter:data2\" content=\"3 minuty\" \/>\n<script type=\"application\/ld+json\" class=\"yoast-schema-graph\">{\"@context\":\"https:\/\/schema.org\",\"@graph\":[{\"@type\":\"WebPage\",\"@id\":\"https:\/\/www.amcon-eu.com\/cs\/pf-2026-od-tymu-amcon-europe-dekujeme-za-duveru\/\",\"url\":\"https:\/\/www.amcon-eu.com\/cs\/pf-2026-od-tymu-amcon-europe-dekujeme-za-duveru\/\",\"name\":\"PF 2026 od t\u00fdmu AMCON Europe: D\u011bkujeme za d\u016fv\u011bru | AMCON Europe\",\"isPartOf\":{\"@id\":\"https:\/\/www.amcon-eu.com\/cs\/#website\"},\"primaryImageOfPage\":{\"@id\":\"https:\/\/www.amcon-eu.com\/cs\/pf-2026-od-tymu-amcon-europe-dekujeme-za-duveru\/#primaryimage\"},\"image\":{\"@id\":\"https:\/\/www.amcon-eu.com\/cs\/pf-2026-od-tymu-amcon-europe-dekujeme-za-duveru\/#primaryimage\"},\"thumbnailUrl\":\"https:\/\/www.amcon-eu.com\/wp-content\/uploads\/2025\/12\/AMCON_Europe_Seasons-greetings_2025.jpg\",\"datePublished\":\"2025-12-16T14:46:29+00:00\",\"dateModified\":\"2025-12-17T12:48:29+00:00\",\"author\":{\"@id\":\"https:\/\/www.amcon-eu.com\/cs\/#\/schema\/person\/7250adc65c97ff2c6893a6d5445b74f4\"},\"breadcrumb\":{\"@id\":\"https:\/\/www.amcon-eu.com\/cs\/pf-2026-od-tymu-amcon-europe-dekujeme-za-duveru\/#breadcrumb\"},\"inLanguage\":\"cs\",\"potentialAction\":[{\"@type\":\"ReadAction\",\"target\":[\"https:\/\/www.amcon-eu.com\/cs\/pf-2026-od-tymu-amcon-europe-dekujeme-za-duveru\/\"]}]},{\"@type\":\"ImageObject\",\"inLanguage\":\"cs\",\"@id\":\"https:\/\/www.amcon-eu.com\/cs\/pf-2026-od-tymu-amcon-europe-dekujeme-za-duveru\/#primaryimage\",\"url\":\"https:\/\/www.amcon-eu.com\/wp-content\/uploads\/2025\/12\/AMCON_Europe_Seasons-greetings_2025.jpg\",\"contentUrl\":\"https:\/\/www.amcon-eu.com\/wp-content\/uploads\/2025\/12\/AMCON_Europe_Seasons-greetings_2025.jpg\",\"width\":1200,\"height\":628},{\"@type\":\"BreadcrumbList\",\"@id\":\"https:\/\/www.amcon-eu.com\/cs\/pf-2026-od-tymu-amcon-europe-dekujeme-za-duveru\/#breadcrumb\",\"itemListElement\":[{\"@type\":\"ListItem\",\"position\":1,\"name\":\"\u30db\u30fc\u30e0\",\"item\":\"https:\/\/www.amcon-eu.com\/cs\/\"},{\"@type\":\"ListItem\",\"position\":2,\"name\":\"PF 2026 od t\u00fdmu AMCON Europe: D\u011bkujeme za d\u016fv\u011bru\"}]},{\"@type\":\"WebSite\",\"@id\":\"https:\/\/www.amcon-eu.com\/cs\/#website\",\"url\":\"https:\/\/www.amcon-eu.com\/cs\/\",\"name\":\"AMCON Europe\",\"description\":\"Pohodln\u00e9 odvod\u0148ov\u00e1n\u00ed kal\u016f\",\"potentialAction\":[{\"@type\":\"SearchAction\",\"target\":{\"@type\":\"EntryPoint\",\"urlTemplate\":\"https:\/\/www.amcon-eu.com\/cs\/?s={search_term_string}\"},\"query-input\":{\"@type\":\"PropertyValueSpecification\",\"valueRequired\":true,\"valueName\":\"search_term_string\"}}],\"inLanguage\":\"cs\"},{\"@type\":\"Person\",\"@id\":\"https:\/\/www.amcon-eu.com\/cs\/#\/schema\/person\/7250adc65c97ff2c6893a6d5445b74f4\",\"name\":\"tomasamcon\",\"image\":{\"@type\":\"ImageObject\",\"inLanguage\":\"cs\",\"@id\":\"https:\/\/www.amcon-eu.com\/cs\/#\/schema\/person\/image\/\",\"url\":\"https:\/\/secure.gravatar.com\/avatar\/0cbeb9353acc82c41b649b26b6258120?s=96&d=mm&r=g\",\"contentUrl\":\"https:\/\/secure.gravatar.com\/avatar\/0cbeb9353acc82c41b649b26b6258120?s=96&d=mm&r=g\",\"caption\":\"tomasamcon\"},\"url\":\"https:\/\/www.amcon-eu.com\/cs\/author\/tomasamcon\/\"}]}<\/script>\n<!-- \/ Yoast SEO plugin. -->","yoast_head_json":{"title":"PF 2026 od t\u00fdmu AMCON Europe: D\u011bkujeme za d\u016fv\u011bru | AMCON Europe","robots":{"index":"index","follow":"follow","max-snippet":"max-snippet:-1","max-image-preview":"max-image-preview:large","max-video-preview":"max-video-preview:-1"},"canonical":"https:\/\/www.amcon-eu.com\/cs\/pf-2026-od-tymu-amcon-europe-dekujeme-za-duveru\/","og_locale":"cs_CZ","og_type":"article","og_title":"PF 2026 od t\u00fdmu AMCON Europe: D\u011bkujeme za d\u016fv\u011bru | AMCON Europe","og_description":"[vc_row][vc_column][vc_single_image image=&#8220;27316&#8243; img_size=&#8220;full&#8220; alignment=&#8220;center&#8220;][vc_column_text] V\u00e1\u017een\u00ed obchodn\u00ed partne\u0159i, p\u0159ejeme V\u00e1m, aby Va\u0161e sv\u00e1tky byly napln\u011bny klidem a na\u010derpali jste b\u011bhem nich \u010derstvou energii do nov\u00e9ho roku. D\u011bkujeme V\u00e1m za d\u016fv\u011bru, kterou jste n\u00e1m projevovali po cel\u00fd rok 2025. [\/vc_column_text][vc_separator style=&#8220;dashed&#8220; border_width=&#8220;2&#8243;][vc_column_text]Rok 2025 byl pro AMCON Europe rokem v pohybu. N\u00e1\u0161 t\u00fdm cestoval nap\u0159\u00ed\u010d kontinentem, abychom p\u0159edstavili technologie VOLUTE DUO\u2122 a VOLUTE\u2122 GS na v\u00fdznamn\u00fdch akc\u00edch jako Aquatech Amsterdam, VOD-KA v Praze, Vatten, WWEM, Pollutec Lyon \u010di Ecomondo. Tyto akce n\u00e1m p\u0159ipomn\u011bly, pro\u010d d\u011bl\u00e1me to, co d\u011bl\u00e1me: abychom v\u00e1m poskytovali spolehliv\u00e1 a efektivn\u00ed \u0159e\u0161en\u00ed, kter\u00e1 v\u00e1m usnadn\u00ed provoz. D\u011bkujeme, \u017ee jste s n\u00e1mi, a \u017ee d\u00edky v\u00e1m bylo ka\u017ed\u00e9 setk\u00e1n\u00ed \u00fasp\u011b\u0161n\u00e9.[\/vc_column_text][\/vc_column][\/vc_row][vc_row][vc_column width=&#8220;1\/3&#8243;][vc_single_image ... PF 2026 od t\u00fdmu AMCON Europe: D\u011bkujeme za d\u016fv\u011bru","og_url":"https:\/\/www.amcon-eu.com\/cs\/pf-2026-od-tymu-amcon-europe-dekujeme-za-duveru\/","og_site_name":"AMCON Europe","article_publisher":"https:\/\/www.facebook.com\/AMCON.Europe.sro","article_published_time":"2025-12-16T14:46:29+00:00","article_modified_time":"2025-12-17T12:48:29+00:00","og_image":[{"width":1200,"height":628,"url":"https:\/\/www.amcon-eu.com\/wp-content\/uploads\/2025\/12\/AMCON_Europe_Seasons-greetings_2025.jpg","type":"image\/jpeg"}],"author":"tomasamcon","twitter_card":"summary_large_image","twitter_misc":{"Napsal(a)":"tomasamcon","Odhadovan\u00e1 doba \u010dten\u00ed":"3 minuty"},"schema":{"@context":"https:\/\/schema.org","@graph":[{"@type":"WebPage","@id":"https:\/\/www.amcon-eu.com\/cs\/pf-2026-od-tymu-amcon-europe-dekujeme-za-duveru\/","url":"https:\/\/www.amcon-eu.com\/cs\/pf-2026-od-tymu-amcon-europe-dekujeme-za-duveru\/","name":"PF 2026 od t\u00fdmu AMCON Europe: D\u011bkujeme za d\u016fv\u011bru | AMCON Europe","isPartOf":{"@id":"https:\/\/www.amcon-eu.com\/cs\/#website"},"primaryImageOfPage":{"@id":"https:\/\/www.amcon-eu.com\/cs\/pf-2026-od-tymu-amcon-europe-dekujeme-za-duveru\/#primaryimage"},"image":{"@id":"https:\/\/www.amcon-eu.com\/cs\/pf-2026-od-tymu-amcon-europe-dekujeme-za-duveru\/#primaryimage"},"thumbnailUrl":"https:\/\/www.amcon-eu.com\/wp-content\/uploads\/2025\/12\/AMCON_Europe_Seasons-greetings_2025.jpg","datePublished":"2025-12-16T14:46:29+00:00","dateModified":"2025-12-17T12:48:29+00:00","author":{"@id":"https:\/\/www.amcon-eu.com\/cs\/#\/schema\/person\/7250adc65c97ff2c6893a6d5445b74f4"},"breadcrumb":{"@id":"https:\/\/www.amcon-eu.com\/cs\/pf-2026-od-tymu-amcon-europe-dekujeme-za-duveru\/#breadcrumb"},"inLanguage":"cs","potentialAction":[{"@type":"ReadAction","target":["https:\/\/www.amcon-eu.com\/cs\/pf-2026-od-tymu-amcon-europe-dekujeme-za-duveru\/"]}]},{"@type":"ImageObject","inLanguage":"cs","@id":"https:\/\/www.amcon-eu.com\/cs\/pf-2026-od-tymu-amcon-europe-dekujeme-za-duveru\/#primaryimage","url":"https:\/\/www.amcon-eu.com\/wp-content\/uploads\/2025\/12\/AMCON_Europe_Seasons-greetings_2025.jpg","contentUrl":"https:\/\/www.amcon-eu.com\/wp-content\/uploads\/2025\/12\/AMCON_Europe_Seasons-greetings_2025.jpg","width":1200,"height":628},{"@type":"BreadcrumbList","@id":"https:\/\/www.amcon-eu.com\/cs\/pf-2026-od-tymu-amcon-europe-dekujeme-za-duveru\/#breadcrumb","itemListElement":[{"@type":"ListItem","position":1,"name":"\u30db\u30fc\u30e0","item":"https:\/\/www.amcon-eu.com\/cs\/"},{"@type":"ListItem","position":2,"name":"PF 2026 od t\u00fdmu AMCON Europe: D\u011bkujeme za d\u016fv\u011bru"}]},{"@type":"WebSite","@id":"https:\/\/www.amcon-eu.com\/cs\/#website","url":"https:\/\/www.amcon-eu.com\/cs\/","name":"AMCON Europe","description":"Pohodln\u00e9 odvod\u0148ov\u00e1n\u00ed kal\u016f","potentialAction":[{"@type":"SearchAction","target":{"@type":"EntryPoint","urlTemplate":"https:\/\/www.amcon-eu.com\/cs\/?s={search_term_string}"},"query-input":{"@type":"PropertyValueSpecification","valueRequired":true,"valueName":"search_term_string"}}],"inLanguage":"cs"},{"@type":"Person","@id":"https:\/\/www.amcon-eu.com\/cs\/#\/schema\/person\/7250adc65c97ff2c6893a6d5445b74f4","name":"tomasamcon","image":{"@type":"ImageObject","inLanguage":"cs","@id":"https:\/\/www.amcon-eu.com\/cs\/#\/schema\/person\/image\/","url":"https:\/\/secure.gravatar.com\/avatar\/0cbeb9353acc82c41b649b26b6258120?s=96&d=mm&r=g","contentUrl":"https:\/\/secure.gravatar.com\/avatar\/0cbeb9353acc82c41b649b26b6258120?s=96&d=mm&r=g","caption":"tomasamcon"},"url":"https:\/\/www.amcon-eu.com\/cs\/author\/tomasamcon\/"}]}},"_links":{"self":[{"href":"https:\/\/www.amcon-eu.com\/cs\/wp-json\/wp\/v2\/posts\/27358","targetHints":{"allow":["GET"]}}],"collection":[{"href":"https:\/\/www.amcon-eu.com\/cs\/wp-json\/wp\/v2\/posts"}],"about":[{"href":"https:\/\/www.amcon-eu.com\/cs\/wp-json\/wp\/v2\/types\/post"}],"author":[{"embeddable":true,"href":"https:\/\/www.amcon-eu.com\/cs\/wp-json\/wp\/v2\/users\/5"}],"replies":[{"embeddable":true,"href":"https:\/\/www.amcon-eu.com\/cs\/wp-json\/wp\/v2\/comments?post=27358"}],"version-history":[{"count":14,"href":"https:\/\/www.amcon-eu.com\/cs\/wp-json\/wp\/v2\/posts\/27358\/revisions"}],"predecessor-version":[{"id":27382,"href":"https:\/\/www.amcon-eu.com\/cs\/wp-json\/wp\/v2\/posts\/27358\/revisions\/27382"}],"wp:featuredmedia":[{"embeddable":true,"href":"https:\/\/www.amcon-eu.com\/cs\/wp-json\/wp\/v2\/media\/27316"}],"wp:attachment":[{"href":"https:\/\/www.amcon-eu.com\/cs\/wp-json\/wp\/v2\/media?parent=27358"}],"wp:term":[{"taxonomy":"category","embeddable":true,"href":"https:\/\/www.amcon-eu.com\/cs\/wp-json\/wp\/v2\/categories?post=27358"},{"taxonomy":"post_tag","embeddable":true,"href":"https:\/\/www.amcon-eu.com\/cs\/wp-json\/wp\/v2\/tags?post=27358"}],"curies":[{"name":"wp","href":"https:\/\/api.w.org\/{rel}","templated":true}]}}